{"id":6496,"date":"2026-09-01T17:29:04","date_gmt":"2026-09-02T00:29:04","guid":{"rendered":"https:\/\/abovecloud.xyz\/?p=6496"},"modified":"2026-09-01T17:30:36","modified_gmt":"2026-09-02T00:30:36","slug":"el-colapso-de-un-glaciar-pudo-desencadenar-la-mortal-riada-entre-nepal-y-el-tibet","status":"publish","type":"post","link":"https:\/\/abovecloud.xyz\/?p=6496","title":{"rendered":"El colapso de un glaciar pudo desencadenar la mortal riada entre Nepal y el T\u00edbet"},"content":{"rendered":"<div class='booster-block booster-read-block'>\n                <div class=\"twp-read-time\">\n                \t<i class=\"booster-icon twp-clock\"><\/i> <span>Read Time:<\/span>4 Minute, 28 Second                <\/div>\n\n            <\/div>\n<p class=\"wp-block-paragraph\">Las monta\u00f1as nevadas de Nepal hab\u00edan perdido casi un tercio de su hieloen poco m\u00e1s de 30 a\u00f1os debido al calentamiento global, seg\u00fan Naciones Unidas en 2023<\/p>\n\n\n\n<figure class=\"wp-block-image size-large\"><img loading=\"lazy\" decoding=\"async\" width=\"1024\" height=\"682\" src=\"https:\/\/abovecloud.xyz\/wp-content\/uploads\/2026\/09\/image-1024x682.png\" alt=\"\" class=\"wp-image-6497\" srcset=\"https:\/\/abovecloud.xyz\/wp-content\/uploads\/2026\/09\/image-1024x682.png 1024w, https:\/\/abovecloud.xyz\/wp-content\/uploads\/2026\/09\/image-300x200.png 300w, https:\/\/abovecloud.xyz\/wp-content\/uploads\/2026\/09\/image-767x511.png 767w, https:\/\/abovecloud.xyz\/wp-content\/uploads\/2026\/09\/image.png 1220w\" sizes=\"auto, (max-width: 1024px) 100vw, 1024px\" \/><\/figure>\n\n\n\n<p class=\"wp-block-paragraph\"><br><br>La<a href=\"https:\/\/www.elmundo.es\/internacional\/2026\/08\/26\/6a8eaf12e4d4d807778b457d.html\">\u00a0mortal riada ocurrida el mi\u00e9rcoles cerca de la frontera de Nepal con el T\u00edbet<\/a>\u00a0pudo producirse despu\u00e9s de que la parte inferior de un glaciar se desprendiera y\u00a0<strong>cayera sobre el fondo del valle<\/strong>, cientos de metros m\u00e1s abajo, seg\u00fan expertos que han analizado im\u00e1genes por sat\u00e9lite de Planet Labs.<\/p>\n\n\n\n<p class=\"wp-block-paragraph\">No est\u00e1 claro qu\u00e9 provoc\u00f3 el colapso del glaciar, aunque las autoridades nepal\u00edes han se\u00f1alado como una posibilidad un&nbsp;<strong>terremoto<\/strong>&nbsp;registrado en la regi\u00f3n unos minutos antes.<\/p>\n\n\n\n<p class=\"wp-block-paragraph\">Las autoridades de ambos lados temen que el n\u00famero total de v\u00edctimas sea&nbsp;<strong>muy superior a los cerca de 160 cad\u00e1veres<\/strong>&nbsp;recuperados hasta el momento. M\u00e1s de 300 viajeros permanec\u00edan desaparecidos, seg\u00fan ha informado el Gobierno de Nepal.<\/p>\n\n\n\n<p class=\"wp-block-paragraph\">Las im\u00e1genes por sat\u00e9lite de la zona, tomadas por Planet Labs antes y despu\u00e9s del suceso y revisadas por Reuters, muestran una ladera monta\u00f1osa cubierta de una frondosa vegetaci\u00f3n verde que ahora ha quedado<strong>\u00a0sepultada bajo escombros y sedimentos de color marr\u00f3n.<\/strong><br><br>&#8220;Est\u00e1 confirmado que una parte considerable del frente del glaciar se desprendi\u00f3 y desencaden\u00f3 el suceso, probablemente arrastrando consigo una cantidad importante de rocas y sedimentos&#8221;, afirm\u00f3&nbsp;<strong>Vikram Gupta<\/strong>, especialista en geolog\u00eda de ingenier\u00eda y profesor de la Universidad de Sikkim, en India.<\/p>\n\n\n\n<p class=\"wp-block-paragraph\">El cient\u00edfico especializado en ciencias de la Tierra&nbsp;<strong>Dan Shugar<\/strong>, profesor asociado de la Universidad de Calgary, se\u00f1al\u00f3 que las im\u00e1genes parec\u00edan mostrar que una gran cantidad de nieve se hab\u00eda derretido en las 24 horas anteriores a la cat\u00e1strofe.<\/p>\n\n\n\n<p class=\"wp-block-paragraph\">&#8220;Algunos de los glaciares del valle estaban cubiertos de nieve ayer y hoy est\u00e1n pr\u00e1cticamente descubiertos, mostrando el hielo. En otras palabras -y todav\u00eda no he visto los datos de ninguna estaci\u00f3n meteorol\u00f3gica-,&nbsp;<strong>probablemente hizo calor<\/strong>&#8220;, explic\u00f3.<\/p>\n\n\n\n<p class=\"wp-block-paragraph\">Las monta\u00f1as nevadas de Nepal hab\u00edan perdido&nbsp;<strong>casi un tercio de su hielo&nbsp;<\/strong>en poco m\u00e1s de 30 a\u00f1os debido al calentamiento global, seg\u00fan Naciones Unidas en 2023. La organizaci\u00f3n a\u00f1adi\u00f3 ese mismo a\u00f1o que los glaciares de Nepal, situado entre dos grandes emisores de carbono como India y China, se hab\u00edan derretido un 65% m\u00e1s r\u00e1pido durante la \u00faltima d\u00e9cada que en la anterior.<\/p>\n\n\n\n<p class=\"wp-block-paragraph\">&#8220;Lo que puedo ver en las im\u00e1genes por sat\u00e9lite de Planet Labs tomadas esta ma\u00f1ana es que la parte inferior de un glaciar<strong>&nbsp;se desprendi\u00f3 a unos 5.200 metros de altitud<\/strong>&nbsp;y cay\u00f3 sobre el fondo del valle, unos 1.200 metros m\u00e1s abajo&#8221;, afirm\u00f3 Shugar.<\/p>\n\n\n\n<p class=\"wp-block-paragraph\">A\u00f1adi\u00f3 que la construcci\u00f3n tambi\u00e9n podr\u00eda haber influido y que &#8220;si el cambio clim\u00e1tico desempe\u00f1\u00f3 alg\u00fan papel es algo que, sin duda,&nbsp;<strong>estudiaremos en un futuro pr\u00f3ximo<\/strong>&#8220;.<\/p>\n\n\n\n<h2 class=\"wp-block-heading\">AVALANCHA DE HIELO Y ROCAS<\/h2>\n\n\n\n<p class=\"wp-block-paragraph\">Varios proyectos hidroel\u00e9ctricos se encuentran en las zonas m\u00e1s afectadas del monta\u00f1oso distrito de&nbsp;<strong>Rasuwa, que tiene una poblaci\u00f3n de unos 50.000 habitantes.<\/strong><\/p>\n\n\n\n<p class=\"wp-block-paragraph\">La Autoridad Nacional de Reducci\u00f3n y Gesti\u00f3n del Riesgo de Desastres de Nepal se\u00f1al\u00f3 que la &#8220;inundaci\u00f3n provocada por un glaciar&#8221; se produjo en el<strong>&nbsp;r\u00edo Lhende debido a un corrimiento de tierras ocurrido unos 20 kil\u00f3metros<\/strong>&nbsp;al noreste de un paso fronterizo entre Nepal y China.<\/p>\n\n\n\n<p class=\"wp-block-paragraph\">Los primeros informes tambi\u00e9n han apuntado a que un terremoto registrado en la zona podr\u00eda haber desencadenado una avalancha y provocado las inundaciones, pero&nbsp;<strong>Prakash Pokharel<\/strong>, ge\u00f3logo de la autoridad, afirm\u00f3 que todav\u00eda no est\u00e1 claro si ese fue el desencadenante de la tragedia.<\/p>\n\n\n\n<p class=\"wp-block-paragraph\">&#8220;Las inundaciones repentinas fueron provocadas por una&nbsp;<strong>avalancha de hielo y rocas en el lado nepal\u00ed<\/strong>&#8220;, afirm\u00f3 Pokharel, que ha analizado las im\u00e1genes de Planet Labs.<\/p>\n\n\n\n<p class=\"wp-block-paragraph\">Las inundaciones, los corrimientos de tierras, las avalanchas y las sequ\u00edas est\u00e1n aumentando en frecuencia e intensidad en toda la regi\u00f3n del&nbsp;<strong>Hindu Kush y el Himalaya,<\/strong>&nbsp;y los cambios acelerados en el agua, la tierra y el aire suponen una grave amenaza para la poblaci\u00f3n, seg\u00fan el Centro Internacional para el Desarrollo Integrado de las Monta\u00f1as.<\/p>\n\n\n\n<p class=\"wp-block-paragraph\">El organismo se\u00f1al\u00f3 el mi\u00e9rcoles que la riada provoc\u00f3 una potente avenida de agua, sedimentos y grandes rocas a trav\u00e9s de los sistemas fluviales del Bhote Koshi y el Trishuli, y a\u00f1adi\u00f3 que, seg\u00fan los informes, el nivel del r\u00edo en la zona de Galchhi, aguas abajo, lleg\u00f3 a subir hasta\u00a0<strong>nueve metros en apenas 30 minutos<\/strong>.<br><br>EEUU determina que un deslizamiento, no un terremoto, gener\u00f3 la actividad s\u00edsmica en Nepal<\/p>\n\n\n\n<p class=\"wp-block-paragraph\">El Servicio Geol\u00f3gico de Estados Unidos (USGS, en sus siglas en ingl\u00e9s) determin\u00f3 que el evento registrado inicialmente este mi\u00e9rcoles como un&nbsp;<strong>terremoto de magnitud 4.4 en Nepal<\/strong>&nbsp;fue en realidad generado por un deslizamiento de tierra, en medio de un desastre que ha dejado cerca de un centenar de muertos.<\/p>\n\n\n\n<p class=\"wp-block-paragraph\">El USGS explic\u00f3 en una actualizaci\u00f3n que un an\u00e1lisis adicional de las ondas s\u00edsmicas de largo per\u00edodo mostr\u00f3 que la energ\u00eda s\u00edsmica&nbsp;<strong>no fue producida por un terremoto<\/strong>.<\/p>\n\n\n\n<p class=\"wp-block-paragraph\">El Servicio Geol\u00f3gico&nbsp;<strong>actualiz\u00f3 el evento a magnitud 5.2<\/strong>, clasificado como deslizamiento, y situ\u00f3 su origen a unos 55 kil\u00f3metros al noroeste de Kodari, en Nepal. La ubicaci\u00f3n fue estimada a partir de im\u00e1genes satelitales, detall\u00f3.<\/p>\n\n\n\n<p class=\"wp-block-paragraph\">El organismo hab\u00eda situado inicialmente el evento a unos 77 kil\u00f3metros al noroeste de Kodari, cerca de la frontera con China, y a una\u00a0<strong>profundidad aproximada de 10 kil\u00f3metros\u00a0<\/strong>(EFE).<br><br>Reprinted from Le Monde<\/p>\n        <div class=\"booster-block booster-reactions-block\">\n            <div class=\"twp-reactions-icons\">\n                \n                <div class=\"twp-reacts-wrap\">\n                    <a react-data=\"be-react-1\" post-id=\"6496\" class=\"be-face-icons un-reacted\" href=\"javascript:void(0)\">\n                        <img decoding=\"async\" src=\"https:\/\/abovecloud.xyz\/wp-content\/plugins\/booster-extension\/\/assets\/icon\/happy.svg\" alt=\"Happy\">\n                    <\/a>\n                    <div class=\"twp-reaction-title\">\n                        Happy                    <\/div>\n                    <div class=\"twp-count-percent\">\n                                                    <span style=\"display: none;\" class=\"twp-react-count\">0<\/span>\n                        \n                                                <span class=\"twp-react-percent\"><span>0<\/span> %<\/span>\n                                            <\/div>\n                <\/div>\n\n                <div class=\"twp-reacts-wrap\">\n                    <a react-data=\"be-react-2\" post-id=\"6496\" class=\"be-face-icons un-reacted\" href=\"javascript:void(0)\">\n                        <img decoding=\"async\" src=\"https:\/\/abovecloud.xyz\/wp-content\/plugins\/booster-extension\/\/assets\/icon\/sad.svg\" alt=\"Sad\">\n                    <\/a>\n                    <div class=\"twp-reaction-title\">\n                        Sad                    <\/div>\n                    <div class=\"twp-count-percent\">\n                                                    <span style=\"display: none;\" class=\"twp-react-count\">0<\/span>\n                                                                        <span class=\"twp-react-percent\"><span>0<\/span> %<\/span>\n                                            <\/div>\n                <\/div>\n\n                <div class=\"twp-reacts-wrap\">\n                    <a react-data=\"be-react-3\" post-id=\"6496\" class=\"be-face-icons un-reacted\" href=\"javascript:void(0)\">\n                        <img decoding=\"async\" src=\"https:\/\/abovecloud.xyz\/wp-content\/plugins\/booster-extension\/\/assets\/icon\/excited.svg\" alt=\"Excited\">\n                    <\/a>\n                    <div class=\"twp-reaction-title\">\n                        Excited                    <\/div>\n                    <div class=\"twp-count-percent\">\n                                                    <span style=\"display: none;\" class=\"twp-react-count\">0<\/span>\n                                                                        <span class=\"twp-react-percent\"><span>0<\/span> %<\/span>\n                                            <\/div>\n                <\/div>\n\n                <div class=\"twp-reacts-wrap\">\n                    <a react-data=\"be-react-6\" post-id=\"6496\" class=\"be-face-icons un-reacted\" href=\"javascript:void(0)\">\n                        <img decoding=\"async\" src=\"https:\/\/abovecloud.xyz\/wp-content\/plugins\/booster-extension\/\/assets\/icon\/sleepy.svg\" alt=\"Sleepy\">\n                    <\/a>\n                    <div class=\"twp-reaction-title\">\n                        Sleepy                    <\/div>\n                    <div class=\"twp-count-percent\">\n                                                    <span style=\"display: none;\" class=\"twp-react-count\">0<\/span>\n                        \n                                                <span class=\"twp-react-percent\"><span>0<\/span> %<\/span>\n                                            <\/div>\n                <\/div>\n\n                <div class=\"twp-reacts-wrap\">\n                    <a react-data=\"be-react-4\" post-id=\"6496\" class=\"be-face-icons un-reacted\" href=\"javascript:void(0)\">\n                        <img decoding=\"async\" src=\"https:\/\/abovecloud.xyz\/wp-content\/plugins\/booster-extension\/\/assets\/icon\/angry.svg\" alt=\"Angry\">\n                    <\/a>\n                    <div class=\"twp-reaction-title\">Angry<\/div>\n                    <div class=\"twp-count-percent\">\n                                                    <span style=\"display: none;\" class=\"twp-react-count\">0<\/span>\n                                                                        <span class=\"twp-react-percent\"><span>0<\/span> %<\/span>\n                        \n                    <\/div>\n                <\/div>\n\n                <div class=\"twp-reacts-wrap\">\n                    <a react-data=\"be-react-5\" post-id=\"6496\" class=\"be-face-icons un-reacted\" href=\"javascript:void(0)\">\n                        <img decoding=\"async\" src=\"https:\/\/abovecloud.xyz\/wp-content\/plugins\/booster-extension\/\/assets\/icon\/surprise.svg\" alt=\"Surprise\">\n                    <\/a>\n                    <div class=\"twp-reaction-title\">Surprise<\/div>\n                    <div class=\"twp-count-percent\">\n                                                    <span style=\"display: none;\" class=\"twp-react-count\">0<\/span>\n                                                                        <span class=\"twp-react-percent\"><span>0<\/span> %<\/span>\n                                            <\/div>\n                <\/div>\n\n            <\/div>\n        <\/div>\n\n    ","protected":false},"excerpt":{"rendered":"<p>Las monta\u00f1as nevadas de Nepal hab\u00edan perdido casi un te [&hellip;]<\/p>\n","protected":false},"author":5,"featured_media":6497,"comment_status":"closed","ping_status":"closed","sticky":false,"template":"","format":"standard","meta":{"footnotes":""},"categories":[6],"tags":[1554,5428,1698],"class_list":["post-6496","post","type-post","status-publish","format-standard","has-post-thumbnail","hentry","category-asia-pacific","tag-de","tag-el","tag-un"],"yoast_head":"<!-- This site is optimized with the Yoast SEO plugin v19.0 - https:\/\/yoast.com\/wordpress\/plugins\/seo\/ -->\n<title>El colapso de un glaciar pudo desencadenar la mortal riada entre Nepal y el T\u00edbet - abovecloud<\/title>\n<meta name=\"robots\" content=\"index, follow, max-snippet:-1, max-image-preview:large, max-video-preview:-1\" \/>\n<link rel=\"canonical\" href=\"https:\/\/abovecloud.xyz\/?p=6496\" \/>\n<meta property=\"og:locale\" content=\"zh_CN\" \/>\n<meta property=\"og:type\" content=\"article\" \/>\n<meta property=\"og:title\" content=\"El colapso de un glaciar pudo desencadenar la mortal riada entre Nepal y el T\u00edbet - abovecloud\" \/>\n<meta property=\"og:description\" content=\"Las monta\u00f1as nevadas de Nepal hab\u00edan perdido casi un te [&hellip;]\" \/>\n<meta property=\"og:url\" content=\"https:\/\/abovecloud.xyz\/?p=6496\" \/>\n<meta property=\"og:site_name\" content=\"abovecloud\" \/>\n<meta property=\"article:published_time\" content=\"2026-09-02T00:29:04+00:00\" \/>\n<meta property=\"article:modified_time\" content=\"2026-09-02T00:30:36+00:00\" \/>\n<meta property=\"og:image\" content=\"https:\/\/abovecloud.xyz\/wp-content\/uploads\/2026\/09\/image-1024x682.png\" \/>\n\t<meta property=\"og:image:width\" content=\"1024\" \/>\n\t<meta property=\"og:image:height\" content=\"682\" \/>\n\t<meta property=\"og:image:type\" content=\"image\/png\" \/>\n<meta name=\"twitter:card\" content=\"summary_large_image\" \/>\n<meta name=\"twitter:label1\" content=\"\u4f5c\u8005\" \/>\n\t<meta name=\"twitter:data1\" content=\"CrapeMyrtle888\" \/>\n\t<meta name=\"twitter:label2\" content=\"\u9884\u8ba1\u9605\u8bfb\u65f6\u95f4\" \/>\n\t<meta name=\"twitter:data2\" content=\"5 \u5206\" \/>\n<script type=\"application\/ld+json\" class=\"yoast-schema-graph\">{\"@context\":\"https:\/\/schema.org\",\"@graph\":[{\"@type\":\"WebSite\",\"@id\":\"https:\/\/abovecloud.xyz\/#website\",\"url\":\"https:\/\/abovecloud.xyz\/\",\"name\":\"abovecloud\",\"description\":\"\",\"potentialAction\":[{\"@type\":\"SearchAction\",\"target\":{\"@type\":\"EntryPoint\",\"urlTemplate\":\"https:\/\/abovecloud.xyz\/?s={search_term_string}\"},\"query-input\":\"required name=search_term_string\"}],\"inLanguage\":\"zh-Hans\"},{\"@type\":\"ImageObject\",\"inLanguage\":\"zh-Hans\",\"@id\":\"https:\/\/abovecloud.xyz\/?p=6496#primaryimage\",\"url\":\"https:\/\/abovecloud.xyz\/wp-content\/uploads\/2026\/09\/image.png\",\"contentUrl\":\"https:\/\/abovecloud.xyz\/wp-content\/uploads\/2026\/09\/image.png\",\"width\":1220,\"height\":813},{\"@type\":\"WebPage\",\"@id\":\"https:\/\/abovecloud.xyz\/?p=6496#webpage\",\"url\":\"https:\/\/abovecloud.xyz\/?p=6496\",\"name\":\"El colapso de un glaciar pudo desencadenar la mortal riada entre Nepal y el T\u00edbet - abovecloud\",\"isPartOf\":{\"@id\":\"https:\/\/abovecloud.xyz\/#website\"},\"primaryImageOfPage\":{\"@id\":\"https:\/\/abovecloud.xyz\/?p=6496#primaryimage\"},\"datePublished\":\"2026-09-02T00:29:04+00:00\",\"dateModified\":\"2026-09-02T00:30:36+00:00\",\"author\":{\"@id\":\"https:\/\/abovecloud.xyz\/#\/schema\/person\/96ebd2d6dfd45e6b12ba731340efc174\"},\"breadcrumb\":{\"@id\":\"https:\/\/abovecloud.xyz\/?p=6496#breadcrumb\"},\"inLanguage\":\"zh-Hans\",\"potentialAction\":[{\"@type\":\"ReadAction\",\"target\":[\"https:\/\/abovecloud.xyz\/?p=6496\"]}]},{\"@type\":\"BreadcrumbList\",\"@id\":\"https:\/\/abovecloud.xyz\/?p=6496#breadcrumb\",\"itemListElement\":[{\"@type\":\"ListItem\",\"position\":1,\"name\":\"\u9996\u9875\",\"item\":\"https:\/\/abovecloud.xyz\/\"},{\"@type\":\"ListItem\",\"position\":2,\"name\":\"El colapso de un glaciar pudo desencadenar la mortal riada entre Nepal y el T\u00edbet\"}]},{\"@type\":\"Person\",\"@id\":\"https:\/\/abovecloud.xyz\/#\/schema\/person\/96ebd2d6dfd45e6b12ba731340efc174\",\"name\":\"CrapeMyrtle888\",\"image\":{\"@type\":\"ImageObject\",\"inLanguage\":\"zh-Hans\",\"@id\":\"https:\/\/abovecloud.xyz\/#\/schema\/person\/image\/\",\"url\":\"https:\/\/secure.gravatar.com\/avatar\/6ba8c6340f49e5053ee1d42c8f9b249987b4ccead633b2c0b701144523def435?s=96&d=wavatar&r=g\",\"contentUrl\":\"https:\/\/secure.gravatar.com\/avatar\/6ba8c6340f49e5053ee1d42c8f9b249987b4ccead633b2c0b701144523def435?s=96&d=wavatar&r=g\",\"caption\":\"CrapeMyrtle888\"},\"url\":\"https:\/\/abovecloud.xyz\/?author=5\"}]}<\/script>\n<!-- \/ Yoast SEO plugin. -->","yoast_head_json":{"title":"El colapso de un glaciar pudo desencadenar la mortal riada entre Nepal y el T\u00edbet - abovecloud","robots":{"index":"index","follow":"follow","max-snippet":"max-snippet:-1","max-image-preview":"max-image-preview:large","max-video-preview":"max-video-preview:-1"},"canonical":"https:\/\/abovecloud.xyz\/?p=6496","og_locale":"zh_CN","og_type":"article","og_title":"El colapso de un glaciar pudo desencadenar la mortal riada entre Nepal y el T\u00edbet - abovecloud","og_description":"Las monta\u00f1as nevadas de Nepal hab\u00edan perdido casi un te [&hellip;]","og_url":"https:\/\/abovecloud.xyz\/?p=6496","og_site_name":"abovecloud","article_published_time":"2026-09-02T00:29:04+00:00","article_modified_time":"2026-09-02T00:30:36+00:00","og_image":[{"width":1024,"height":682,"url":"https:\/\/abovecloud.xyz\/wp-content\/uploads\/2026\/09\/image-1024x682.png","type":"image\/png"}],"twitter_card":"summary_large_image","twitter_misc":{"\u4f5c\u8005":"CrapeMyrtle888","\u9884\u8ba1\u9605\u8bfb\u65f6\u95f4":"5 \u5206"},"schema":{"@context":"https:\/\/schema.org","@graph":[{"@type":"WebSite","@id":"https:\/\/abovecloud.xyz\/#website","url":"https:\/\/abovecloud.xyz\/","name":"abovecloud","description":"","potentialAction":[{"@type":"SearchAction","target":{"@type":"EntryPoint","urlTemplate":"https:\/\/abovecloud.xyz\/?s={search_term_string}"},"query-input":"required name=search_term_string"}],"inLanguage":"zh-Hans"},{"@type":"ImageObject","inLanguage":"zh-Hans","@id":"https:\/\/abovecloud.xyz\/?p=6496#primaryimage","url":"https:\/\/abovecloud.xyz\/wp-content\/uploads\/2026\/09\/image.png","contentUrl":"https:\/\/abovecloud.xyz\/wp-content\/uploads\/2026\/09\/image.png","width":1220,"height":813},{"@type":"WebPage","@id":"https:\/\/abovecloud.xyz\/?p=6496#webpage","url":"https:\/\/abovecloud.xyz\/?p=6496","name":"El colapso de un glaciar pudo desencadenar la mortal riada entre Nepal y el T\u00edbet - abovecloud","isPartOf":{"@id":"https:\/\/abovecloud.xyz\/#website"},"primaryImageOfPage":{"@id":"https:\/\/abovecloud.xyz\/?p=6496#primaryimage"},"datePublished":"2026-09-02T00:29:04+00:00","dateModified":"2026-09-02T00:30:36+00:00","author":{"@id":"https:\/\/abovecloud.xyz\/#\/schema\/person\/96ebd2d6dfd45e6b12ba731340efc174"},"breadcrumb":{"@id":"https:\/\/abovecloud.xyz\/?p=6496#breadcrumb"},"inLanguage":"zh-Hans","potentialAction":[{"@type":"ReadAction","target":["https:\/\/abovecloud.xyz\/?p=6496"]}]},{"@type":"BreadcrumbList","@id":"https:\/\/abovecloud.xyz\/?p=6496#breadcrumb","itemListElement":[{"@type":"ListItem","position":1,"name":"\u9996\u9875","item":"https:\/\/abovecloud.xyz\/"},{"@type":"ListItem","position":2,"name":"El colapso de un glaciar pudo desencadenar la mortal riada entre Nepal y el T\u00edbet"}]},{"@type":"Person","@id":"https:\/\/abovecloud.xyz\/#\/schema\/person\/96ebd2d6dfd45e6b12ba731340efc174","name":"CrapeMyrtle888","image":{"@type":"ImageObject","inLanguage":"zh-Hans","@id":"https:\/\/abovecloud.xyz\/#\/schema\/person\/image\/","url":"https:\/\/secure.gravatar.com\/avatar\/6ba8c6340f49e5053ee1d42c8f9b249987b4ccead633b2c0b701144523def435?s=96&d=wavatar&r=g","contentUrl":"https:\/\/secure.gravatar.com\/avatar\/6ba8c6340f49e5053ee1d42c8f9b249987b4ccead633b2c0b701144523def435?s=96&d=wavatar&r=g","caption":"CrapeMyrtle888"},"url":"https:\/\/abovecloud.xyz\/?author=5"}]}},"_links":{"self":[{"href":"https:\/\/abovecloud.xyz\/index.php?rest_route=\/wp\/v2\/posts\/6496","targetHints":{"allow":["GET"]}}],"collection":[{"href":"https:\/\/abovecloud.xyz\/index.php?rest_route=\/wp\/v2\/posts"}],"about":[{"href":"https:\/\/abovecloud.xyz\/index.php?rest_route=\/wp\/v2\/types\/post"}],"author":[{"embeddable":true,"href":"https:\/\/abovecloud.xyz\/index.php?rest_route=\/wp\/v2\/users\/5"}],"replies":[{"embeddable":true,"href":"https:\/\/abovecloud.xyz\/index.php?rest_route=%2Fwp%2Fv2%2Fcomments&post=6496"}],"version-history":[{"count":1,"href":"https:\/\/abovecloud.xyz\/index.php?rest_route=\/wp\/v2\/posts\/6496\/revisions"}],"predecessor-version":[{"id":6498,"href":"https:\/\/abovecloud.xyz\/index.php?rest_route=\/wp\/v2\/posts\/6496\/revisions\/6498"}],"wp:featuredmedia":[{"embeddable":true,"href":"https:\/\/abovecloud.xyz\/index.php?rest_route=\/wp\/v2\/media\/6497"}],"wp:attachment":[{"href":"https:\/\/abovecloud.xyz\/index.php?rest_route=%2Fwp%2Fv2%2Fmedia&parent=6496"}],"wp:term":[{"taxonomy":"category","embeddable":true,"href":"https:\/\/abovecloud.xyz\/index.php?rest_route=%2Fwp%2Fv2%2Fcategories&post=6496"},{"taxonomy":"post_tag","embeddable":true,"href":"https:\/\/abovecloud.xyz\/index.php?rest_route=%2Fwp%2Fv2%2Ftags&post=6496"}],"curies":[{"name":"wp","href":"https:\/\/api.w.org\/{rel}","templated":true}]}}